{"id":757,"date":"2021-08-16T12:07:58","date_gmt":"2021-08-16T12:07:58","guid":{"rendered":"http:\/\/agneswieser.de\/?p=757"},"modified":"2021-08-16T12:07:58","modified_gmt":"2021-08-16T12:07:58","slug":"67-kunstausstellung-bayrischzell","status":"publish","type":"post","link":"https:\/\/agneswieser.de\/?p=757","title":{"rendered":"67. Kunstausstellung Bayrischzell"},"content":{"rendered":"\n<p>Beim ersten Versuch hat es geklappt &#8211; ich bin dabei! <br>Bayrischzell bietet auch dieses Jahr wieder eine wundervolle Ausstellung. Ein Besuch lohnt sich.<br><a rel=\"noreferrer noopener\" href=\"http:\/\/www.kunstausstellungbayrischzell.de\/\" data-type=\"URL\" data-id=\"http:\/\/www.kunstausstellungbayrischzell.de\/\" target=\"_blank\">http:\/\/www.kunstausstellungbayrischzell.de\/<\/a><\/p>\n\n\n\n<figure class=\"wp-block-image size-large\"><img loading=\"lazy\" width=\"1024\" height=\"768\" src=\"https:\/\/agneswieser.de\/wp-content\/uploads\/2021\/08\/20210815_190239-1024x768.jpg\" alt=\"\" class=\"wp-image-758\" srcset=\"https:\/\/agneswieser.de\/wp-content\/uploads\/2021\/08\/20210815_190239-1024x768.jpg 1024w, https:\/\/agneswieser.de\/wp-content\/uploads\/2021\/08\/20210815_190239-300x225.jpg 300w, https:\/\/agneswieser.de\/wp-content\/uploads\/2021\/08\/20210815_190239-768x576.jpg 768w, https:\/\/agneswieser.de\/wp-content\/uploads\/2021\/08\/20210815_190239-1536x1152.jpg 1536w, https:\/\/agneswieser.de\/wp-content\/uploads\/2021\/08\/20210815_190239-2048x1536.jpg 2048w\" sizes=\"(max-width: 767px) 89vw, (max-width: 1000px) 54vw, (max-width: 1071px) 543px, 580px\" \/><figcaption>Am Sonntag habe ich das sch\u00f6ne Wetter f\u00fcr einen Ausflug nach Bayrischzell genutzt und mir die Kunstausstellung angesehen. Ich bin mit einem meiner j\u00fcngeren Werke vertreten und freue mich sehr, dabei zu sein! <\/figcaption><\/figure>\n","protected":false},"excerpt":{"rendered":"<p>Beim ersten Versuch hat es geklappt &#8211; ich bin dabei! Bayrischzell bietet auch dieses Jahr wieder eine wundervolle Ausstellung. Ein Besuch lohnt sich.http:\/\/www.kunstausstellungbayrischzell.de\/<\/p>\n","protected":false},"author":1,"featured_media":0,"comment_status":"open","ping_status":"open","sticky":false,"template":"","format":"standard","meta":[],"categories":[1],"tags":[17,228,88,181,224,138,230,157,220,231,225,213,89,223,147,219,221,229,36,226,227,222],"_links":{"self":[{"href":"https:\/\/agneswieser.de\/index.php?rest_route=\/wp\/v2\/posts\/757"}],"collection":[{"href":"https:\/\/agneswieser.de\/index.php?rest_route=\/wp\/v2\/posts"}],"about":[{"href":"https:\/\/agneswieser.de\/index.php?rest_route=\/wp\/v2\/types\/post"}],"author":[{"embeddable":true,"href":"https:\/\/agneswieser.de\/index.php?rest_route=\/wp\/v2\/users\/1"}],"replies":[{"embeddable":true,"href":"https:\/\/agneswieser.de\/index.php?rest_route=%2Fwp%2Fv2%2Fcomments&post=757"}],"version-history":[{"count":1,"href":"https:\/\/agneswieser.de\/index.php?rest_route=\/wp\/v2\/posts\/757\/revisions"}],"predecessor-version":[{"id":759,"href":"https:\/\/agneswieser.de\/index.php?rest_route=\/wp\/v2\/posts\/757\/revisions\/759"}],"wp:attachment":[{"href":"https:\/\/agneswieser.de\/index.php?rest_route=%2Fwp%2Fv2%2Fmedia&parent=757"}],"wp:term":[{"taxonomy":"category","embeddable":true,"href":"https:\/\/agneswieser.de\/index.php?rest_route=%2Fwp%2Fv2%2Fcategories&post=757"},{"taxonomy":"post_tag","embeddable":true,"href":"https:\/\/agneswieser.de\/index.php?rest_route=%2Fwp%2Fv2%2Ftags&post=757"}],"curies":[{"name":"wp","href":"https:\/\/api.w.org\/{rel}","templated":true}]}}