{"id":778,"date":"2021-09-10T08:14:12","date_gmt":"2021-09-10T08:14:12","guid":{"rendered":"http:\/\/agneswieser.de\/?p=778"},"modified":"2021-09-10T08:18:23","modified_gmt":"2021-09-10T08:18:23","slug":"einladung-zur-vernissage","status":"publish","type":"post","link":"https:\/\/agneswieser.de\/?p=778","title":{"rendered":"Einladung zur Vernissage!"},"content":{"rendered":"\n<p>Es ist wieder soweit &#8211; Ich lade herzlich ein zu der Vernissage meiner Ausstellung &#8222;Anders Bunt&#8220;am Sonntag den 19.09. um 11 Uhr im Kultur im Oberbr\u00e4u in Holzkirchen. <br>Ausstellungsdauer: 19.09. bis 28.10.21<br>\u00d6ffnungszeiten: Di-Sa jeweils von 17-23 Uhr<br>im Kultur im Oberbr\u00e4u in Holzkirchen<\/p>\n\n\n\n<figure class=\"wp-block-image size-large\"><img loading=\"lazy\" width=\"772\" height=\"772\" src=\"https:\/\/agneswieser.de\/wp-content\/uploads\/2021\/09\/20210909_120040.jpg\" alt=\"\" class=\"wp-image-779\" srcset=\"https:\/\/agneswieser.de\/wp-content\/uploads\/2021\/09\/20210909_120040.jpg 772w, https:\/\/agneswieser.de\/wp-content\/uploads\/2021\/09\/20210909_120040-300x300.jpg 300w, https:\/\/agneswieser.de\/wp-content\/uploads\/2021\/09\/20210909_120040-150x150.jpg 150w, https:\/\/agneswieser.de\/wp-content\/uploads\/2021\/09\/20210909_120040-768x768.jpg 768w, https:\/\/agneswieser.de\/wp-content\/uploads\/2021\/09\/20210909_120040-100x100.jpg 100w\" sizes=\"(max-width: 767px) 89vw, (max-width: 1000px) 54vw, (max-width: 1071px) 543px, 580px\" \/><figcaption>Agnes Wieser vor dem Werk &#8222;Rabe&#8220;, zu sehen in der Ausstellung &#8222;Anders Bunt&#8220;<\/figcaption><\/figure>\n\n\n\n<p>Unter dem Titel &#8222;ANDERS BUNT&#8220; pr\u00e4sentiere ich viele meiner neuen Werke, die fast ausschlie\u00dflich in den letzten Monaten entstanden sind. Ich bleibe zwar in Motiv- und Farbwahl meiner Linie treu, lasse aber meinen Figuren in Kontur und Form mehr Freiraum. Dadurch wirken die Bilder teilweise mosaikartig zusammengesetzt und man gewinnt den Eindruck, als l\u00e4gen mehrere Ebenen \u00fcbereinander. Ich m\u00f6chte neue Wirklichkeiten schaffen, die zum Eintauchen und Empfinden einladen. <\/p>\n","protected":false},"excerpt":{"rendered":"<p>Es ist wieder soweit &#8211; Ich lade herzlich ein zu der Vernissage meiner Ausstellung &#8222;Anders Bunt&#8220;am Sonntag den 19.09. um 11 Uhr im Kultur im Oberbr\u00e4u in Holzkirchen. Ausstellungsdauer: 19.09. bis 28.10.21\u00d6ffnungszeiten: Di-Sa jeweils von 17-23 Uhrim Kultur im Oberbr\u00e4u in Holzkirchen Unter dem Titel &#8222;ANDERS BUNT&#8220; pr\u00e4sentiere ich viele meiner neuen Werke, die fast &hellip; <\/p>\n<p class=\"link-more\"><a href=\"https:\/\/agneswieser.de\/?p=778\" class=\"more-link\"><span class=\"screen-reader-text\">\u201eEinladung zur Vernissage!\u201c<\/span> weiterlesen<\/a><\/p>\n","protected":false},"author":1,"featured_media":0,"comment_status":"open","ping_status":"open","sticky":false,"template":"","format":"standard","meta":[],"categories":[1],"tags":[263,13,181,138,245,157,137,161,265,266,39,217,48,153,225,42,156,213,147,115,267,264],"_links":{"self":[{"href":"https:\/\/agneswieser.de\/index.php?rest_route=\/wp\/v2\/posts\/778"}],"collection":[{"href":"https:\/\/agneswieser.de\/index.php?rest_route=\/wp\/v2\/posts"}],"about":[{"href":"https:\/\/agneswieser.de\/index.php?rest_route=\/wp\/v2\/types\/post"}],"author":[{"embeddable":true,"href":"https:\/\/agneswieser.de\/index.php?rest_route=\/wp\/v2\/users\/1"}],"replies":[{"embeddable":true,"href":"https:\/\/agneswieser.de\/index.php?rest_route=%2Fwp%2Fv2%2Fcomments&post=778"}],"version-history":[{"count":3,"href":"https:\/\/agneswieser.de\/index.php?rest_route=\/wp\/v2\/posts\/778\/revisions"}],"predecessor-version":[{"id":782,"href":"https:\/\/agneswieser.de\/index.php?rest_route=\/wp\/v2\/posts\/778\/revisions\/782"}],"wp:attachment":[{"href":"https:\/\/agneswieser.de\/index.php?rest_route=%2Fwp%2Fv2%2Fmedia&parent=778"}],"wp:term":[{"taxonomy":"category","embeddable":true,"href":"https:\/\/agneswieser.de\/index.php?rest_route=%2Fwp%2Fv2%2Fcategories&post=778"},{"taxonomy":"post_tag","embeddable":true,"href":"https:\/\/agneswieser.de\/index.php?rest_route=%2Fwp%2Fv2%2Ftags&post=778"}],"curies":[{"name":"wp","href":"https:\/\/api.w.org\/{rel}","templated":true}]}}